{"id":897,"date":"2016-05-03T15:43:49","date_gmt":"2016-05-03T13:43:49","guid":{"rendered":"http:\/\/netoek.dk\/w\/?p=897"},"modified":"2016-09-05T16:01:10","modified_gmt":"2016-09-05T14:01:10","slug":"kritiske-politter-seminar-vaekst-i-et-kritisk-perspektiv","status":"publish","type":"post","link":"https:\/\/netoek.dk\/w\/?p=897","title":{"rendered":"Kritiske Politter-seminar: V\u00e6kst i et kritisk perspektiv"},"content":{"rendered":"<h4>Tid: \u00a0<strong><em>l\u00f8rdag d. 30. april 2016, kl. 10-17.30,<br \/>\n<\/em><\/strong>Sted: <strong><em>K\u00f8benhavns Universitet CSS, bygning 35, \u00d8. Farimagsgade \u00a0<\/em><\/strong><\/h4>\n<p><strong>Programmet fremg\u00e5r af denne\u00a0<a href=\"https:\/\/netoek.dk\/w\/wp-content\/uploads\/2013\/08\/plakat.pdf\" target=\"_blank\">plakat<\/a>.\u00a0<\/strong>Opl\u00e6gsholdere bl.a. Lars Andersen, AE, Martin \u00c5gerup, Cepos,\u00a0Kristian Weise,\u00a0Cevea, Benjamin Dickow, DI, Torben M. Andersen, Aarhus Universitet, og Rune M\u00f8ller Stahl, KU.\u00a0<strong><br \/>\n<\/strong><\/p>\n<p><strong>Materialer:<\/strong><\/p>\n<p>Kritiske Politter l\u00e6gger snart alle opl\u00e6g op p\u00e5 <a href=\"https:\/\/www.facebook.com\/kritiskepolitter\/\" target=\"_blank\">https:\/\/www.facebook.com\/kritiskepolitter\/<\/a>.<\/p>\n<p>Jesper Jespersen har lagt sine egne refleksioner fra konferencen op p\u00e5 <a href=\"http:\/\/altandetlige.dk\/blog\/jesperjespersen\/vaekst-kritisk-perspektiv-vaekstteori-krise-679\" target=\"_blank\">http:\/\/altandetlige.dk\/blog\/jesperjespersen\/vaekst-kritisk-perspektiv-vaekstteori-krise-679<\/a>. Wordfilen kan ogs\u00e5 <a href=\"https:\/\/netoek.dk\/w\/wp-content\/uploads\/2013\/08\/KritiskVaekst-Altandetlige-JesperJespersen.docx\" target=\"_blank\">downloades her<\/a>.<\/p>\n","protected":false},"excerpt":{"rendered":"<p>Tid: \u00a0l\u00f8rdag d. 30. april 2016, kl. 10-17.30, Sted: K\u00f8benhavns Universitet CSS, bygning 35, \u00d8. Farimagsgade \u00a0 Programmet fremg\u00e5r af denne\u00a0plakat.\u00a0Opl\u00e6gsholdere bl.a. Lars Andersen, AE, Martin \u00c5gerup, Cepos,\u00a0Kristian Weise,\u00a0Cevea, Benjamin Dickow, DI, Torben M. Andersen, Aarhus Universitet, og Rune M\u00f8ller Stahl, KU.\u00a0 Materialer: Kritiske Politter l\u00e6gger snart alle opl\u00e6g op p\u00e5 https:\/\/www.facebook.com\/kritiskepolitter\/. Jesper Jespersen har &hellip; <a href=\"https:\/\/netoek.dk\/w\/?p=897\" class=\"more-link\">L\u00e6s videre <span class=\"screen-reader-text\">Kritiske Politter-seminar: V\u00e6kst i et kritisk perspektiv<\/span> <span class=\"meta-nav\">&rarr;<\/span><\/a><\/p>\n","protected":false},"author":1,"featured_media":0,"comment_status":"open","ping_status":"closed","sticky":false,"template":"","format":"standard","meta":{"footnotes":""},"categories":[10],"tags":[],"class_list":["post-897","post","type-post","status-publish","format-standard","hentry","category-arr-gl"],"_links":{"self":[{"href":"https:\/\/netoek.dk\/w\/index.php?rest_route=\/wp\/v2\/posts\/897","targetHints":{"allow":["GET"]}}],"collection":[{"href":"https:\/\/netoek.dk\/w\/index.php?rest_route=\/wp\/v2\/posts"}],"about":[{"href":"https:\/\/netoek.dk\/w\/index.php?rest_route=\/wp\/v2\/types\/post"}],"author":[{"embeddable":true,"href":"https:\/\/netoek.dk\/w\/index.php?rest_route=\/wp\/v2\/users\/1"}],"replies":[{"embeddable":true,"href":"https:\/\/netoek.dk\/w\/index.php?rest_route=%2Fwp%2Fv2%2Fcomments&post=897"}],"version-history":[{"count":1,"href":"https:\/\/netoek.dk\/w\/index.php?rest_route=\/wp\/v2\/posts\/897\/revisions"}],"predecessor-version":[{"id":898,"href":"https:\/\/netoek.dk\/w\/index.php?rest_route=\/wp\/v2\/posts\/897\/revisions\/898"}],"wp:attachment":[{"href":"https:\/\/netoek.dk\/w\/index.php?rest_route=%2Fwp%2Fv2%2Fmedia&parent=897"}],"wp:term":[{"taxonomy":"category","embeddable":true,"href":"https:\/\/netoek.dk\/w\/index.php?rest_route=%2Fwp%2Fv2%2Fcategories&post=897"},{"taxonomy":"post_tag","embeddable":true,"href":"https:\/\/netoek.dk\/w\/index.php?rest_route=%2Fwp%2Fv2%2Ftags&post=897"}],"curies":[{"name":"wp","href":"https:\/\/api.w.org\/{rel}","templated":true}]}}