{"id":889,"date":"2016-09-26T13:49:49","date_gmt":"2016-09-26T11:49:49","guid":{"rendered":"http:\/\/netoek.dk\/w\/?p=889"},"modified":"2016-10-17T13:56:52","modified_gmt":"2016-10-17T11:56:52","slug":"netoek-ftf-og-foa-temamoede-produktivitets-og-vaekstudsigterne-paa-det-lange-sigt-og-er-velfaerdsudsigterne-de-samme","status":"publish","type":"post","link":"https:\/\/netoek.dk\/w\/?p=889","title":{"rendered":"NET\u00d8K, FTF og FOA-temam\u00f8de 29\/9-2016: Produktivitets- og v\u00e6kstudsigterne p\u00e5 det lange sigt &#8211; og er velf\u00e6rdsudsigterne de samme?"},"content":{"rendered":"<h4>Dokumentation<\/h4>\n<ul>\n<li>Carl-Johan Dalgaard: &#8220;Produktivitets- og v\u00e6kstudsigterne p\u00e5 det lange sigt&#8221; K\u00f8benhavns Universitet, CAGE (Warwick) og CEPR (London). <a href=\"https:\/\/netoek.dk\/w\/wp-content\/uploads\/2016\/10\/Endofgrowth.pdf\">Hent her.<\/a><\/li>\n<li>Aksel Juel Clemmensen og Lars Gustafsson: &#8220;Nationalregnskabet &#8211; m\u00e5ling af offentligt forbrug og produktivitet&#8221;, Danmarks Statistik. <a href=\"https:\/\/netoek.dk\/w\/wp-content\/uploads\/2016\/10\/Maaling-off-produktion-forbrug.pdf\">Hent her.<\/a><\/li>\n<\/ul>\n<h4>Indkaldelse<\/h4>\n<p>M\u00f8det foreg\u00e5r torsdag den 29. september 2016 kl. 14:00 &#8211; 16:00<br \/>\ni FTF, Niels Hemmingsens Gade 12, 1010 K\u00f8benhavn K.<\/p>\n<p>NET\u00d8K, FTF og FOA afholder temam\u00f8de om produktivitets- og v\u00e6kstudsigterne p\u00e5 langt sigt og set i forhold til udviklingsperspektiverne i den offentlige sektors velf\u00e6rdsydelser.<br \/>\nI den l\u00f8bende internationale, is\u00e6r den amerikanske, debat om produktivitet og v\u00e6kst findes der to hovedsynspunkter \u2013 det ene er det pessimistiske, og det andet er det optimistiske.<\/p>\n<p><a href=\"https:\/\/netoek.dk\/w\/wp-content\/uploads\/2016\/09\/Produktivitets_og_v\u00e6kstudsigterne.pdf\">L\u00e6s mere i indbydelsen<\/a>.<\/p>\n","protected":false},"excerpt":{"rendered":"<p>Dokumentation Carl-Johan Dalgaard: &#8220;Produktivitets- og v\u00e6kstudsigterne p\u00e5 det lange sigt&#8221; K\u00f8benhavns Universitet, CAGE (Warwick) og CEPR (London). Hent her. Aksel Juel Clemmensen og Lars Gustafsson: &#8220;Nationalregnskabet &#8211; m\u00e5ling af offentligt forbrug og produktivitet&#8221;, Danmarks Statistik. Hent her. Indkaldelse M\u00f8det foreg\u00e5r torsdag den 29. september 2016 kl. 14:00 &#8211; 16:00 i FTF, Niels Hemmingsens Gade 12, &hellip; <a href=\"https:\/\/netoek.dk\/w\/?p=889\" class=\"more-link\">L\u00e6s videre <span class=\"screen-reader-text\">NET\u00d8K, FTF og FOA-temam\u00f8de 29\/9-2016: Produktivitets- og v\u00e6kstudsigterne p\u00e5 det lange sigt &#8211; og er velf\u00e6rdsudsigterne de samme?<\/span> <span class=\"meta-nav\">&rarr;<\/span><\/a><\/p>\n","protected":false},"author":1,"featured_media":0,"comment_status":"open","ping_status":"closed","sticky":false,"template":"","format":"standard","meta":{"footnotes":""},"categories":[10],"tags":[],"class_list":["post-889","post","type-post","status-publish","format-standard","hentry","category-arr-gl"],"_links":{"self":[{"href":"https:\/\/netoek.dk\/w\/index.php?rest_route=\/wp\/v2\/posts\/889","targetHints":{"allow":["GET"]}}],"collection":[{"href":"https:\/\/netoek.dk\/w\/index.php?rest_route=\/wp\/v2\/posts"}],"about":[{"href":"https:\/\/netoek.dk\/w\/index.php?rest_route=\/wp\/v2\/types\/post"}],"author":[{"embeddable":true,"href":"https:\/\/netoek.dk\/w\/index.php?rest_route=\/wp\/v2\/users\/1"}],"replies":[{"embeddable":true,"href":"https:\/\/netoek.dk\/w\/index.php?rest_route=%2Fwp%2Fv2%2Fcomments&post=889"}],"version-history":[{"count":8,"href":"https:\/\/netoek.dk\/w\/index.php?rest_route=\/wp\/v2\/posts\/889\/revisions"}],"predecessor-version":[{"id":972,"href":"https:\/\/netoek.dk\/w\/index.php?rest_route=\/wp\/v2\/posts\/889\/revisions\/972"}],"wp:attachment":[{"href":"https:\/\/netoek.dk\/w\/index.php?rest_route=%2Fwp%2Fv2%2Fmedia&parent=889"}],"wp:term":[{"taxonomy":"category","embeddable":true,"href":"https:\/\/netoek.dk\/w\/index.php?rest_route=%2Fwp%2Fv2%2Fcategories&post=889"},{"taxonomy":"post_tag","embeddable":true,"href":"https:\/\/netoek.dk\/w\/index.php?rest_route=%2Fwp%2Fv2%2Ftags&post=889"}],"curies":[{"name":"wp","href":"https:\/\/api.w.org\/{rel}","templated":true}]}}