{"id":707,"date":"2016-02-16T20:32:37","date_gmt":"2016-02-16T18:32:37","guid":{"rendered":"http:\/\/netoek.dk\/w\/?p=707"},"modified":"2016-02-16T20:34:59","modified_gmt":"2016-02-16T18:34:59","slug":"omtanke-roed-og-groen-debat","status":"publish","type":"post","link":"https:\/\/netoek.dk\/w\/?p=707","title":{"rendered":"OMTANKE \u2013 r\u00f8d og gr\u00f8n debat"},"content":{"rendered":"<p><em>Jesper Jespersen, Februar 2016<\/em><\/p>\n<p><strong><em>K\u00e6re Venner<br \/>\n<\/em><\/strong>Som I kan se af vores navne nedenfor er vi en gruppe der synes vi skal g\u00e5 sammen og danne et debatforum \u2019OMTANKE \u2013 r\u00f8d og gr\u00f8n debat\u2019. Vi h\u00e5ber du vil v\u00e6re med?<\/p>\n<h3>Nyt debatforum \u2019OMTANKE \u2013 r\u00f8d og gr\u00f8n debat\u2019<\/h3>\n<p>Tiden sukker efter politiske og \u00f8vrige samfundsm\u00e6ssige visioner. Store visioner, sm\u00e5 visioner. Visioner p\u00e5 kort sigt. Visioner p\u00e5 lang sigt. Visioner der som processer eller i spring kan blive til virkelighed. Kobles visionerne opst\u00e5r s\u00e6rlige muligheder. Det vil vi gerne bidrage til i et debatforum af mennesker, der f\u00f8ler sig som venstrefl\u00f8j, bredt forst\u00e5et.\u00a0 <!--more--><br \/>\nUligheden nationalt og internationalt \u00f8ges, is\u00e6r formuerne. Mennesker drives p\u00e5 flugt af krig og n\u00f8d. Klimaforandringer truer kloden. Der mangler uddannelse og arbejde ikke mindst i en robotiseret fremtid. Vilk\u00e5r der f\u00f8rer til konflikter mellem mennesker og lande.<\/p>\n<p>Her er venstrefl\u00f8jen i en id\u00e9- og v\u00e6rdim\u00e6ssig krise. Vi mangler de store fort\u00e6llinger om, hvordan andre samfundsstrukturer er mulige. Fort\u00e6llinger som kan begribes og gribes som politiske muligheder og veje at g\u00e5 sammen med mange andre om. Frihed, lighed, f\u00e6llesskab, b\u00e6redygtighed og solidaritet er stadig vigtige v\u00e6rdier, men de skal have indhold og v\u00e6re opn\u00e5elige. Vi oplever en r\u00e5dvildhed og et \u00f8nske om forandring hos mange.<\/p>\n<p>Men hvordan? Vi mangler svar p\u00e5 en masse:<\/p>\n<ul>\n<li>Hvad er det langsigtede r\u00f8de og gr\u00f8nne svar p\u00e5 klimaforandringer og rovdriften p\u00e5 jordens ressourcer?<\/li>\n<li>Hvad er venstrefl\u00f8jens svar p\u00e5 den globaliserede konkurrence \u2013 en alternativ \u00f8konomisk politik \u2013 kan den starte nationalt?<\/li>\n<li>Finanskriser er et resultat af en gr\u00e5dig og ukontrolleret finanssektor, men er det ogs\u00e5 klart for alle, at de er logiske systemkriser i en globaliseret kapitalisme?<\/li>\n<li>Hvordan kan virksomheder, fagbev\u00e6gelse og civilsamfund h\u00e5ndtere presset p\u00e5 arbejdsbetingelser og faglige rettigheder som f\u00f8lger af de store \u00e6ndringer i den globale arbejdsdeling?<\/li>\n<li>Hvordan vil vi udvikle en lighedsfremmende velf\u00e6rdsstat borgerne identificerer sig med, betaler til \u2013 og som ikke kn\u00e6kker nakken p\u00e5 dem den skulle hj\u00e6lpe?<\/li>\n<li>Hvilke former for demokrati, indflydelse, ansvar og magtbef\u00f8jelser \u00f8nsker vi at fremme p\u00e5 alle niveauer \u2013 overv\u00e5gning, topstyrede partier og lobbyisme duer ikke?<\/li>\n<li>Hvad er vores svar p\u00e5 historisk store flygtningestr\u00f8mme \u2013 i Danmark, Europa og Verden?<\/li>\n<li>Hvilke internationale bev\u00e6gelser ser vi os p\u00e5 linje med?<\/li>\n<li>Forts\u00e6t gerne selv!<\/li>\n<\/ul>\n<p>Vi er en Initiativgruppe i alle aldre med forskelligt st\u00e5sted p\u00e5 venstrefl\u00f8jen og med forskellige positioner i arbejdslivet og samfundet. Nogle af os er tilknyttet partier, andre ikke; vore sympatier str\u00e6kker sig fra Enhedslisten over SF og Alternativet til Socialdemokraterne. Vi savner id\u00e9er til l\u00f8sning af store problemer, n\u00e6re som fjerne. Der skal t\u00e6nkes nyt og konkret for at udvikle et bredt id\u00e9grundlag for en progressiv politik. Der er brug for omtanke og for at t\u00e6nke om.<\/p>\n<p>Derfor vores initiativ til debatforum \u2019OMTANKE \u2013 r\u00f8d og gr\u00f8n debat\u2019. H\u00e5bet er at vi kan komme med konkrete bud og visioner som har en v\u00e6rdim\u00e6ssig og f\u00e6llesskabsskabende gang p\u00e5 jorden.<\/p>\n<h3>Vi vil hen over for\u00e5ret 2016 afholde tre st\u00f8rre tema-arrangementer:<\/h3>\n<p><strong>Mandag d. 29. februar kl. 17-19: <em>Flygtninge, migranter, asylans\u00f8gere \u2013 hvad skal der g\u00f8res? <\/em><\/strong><br \/>\nOpl\u00e6g af:<br \/>\nNinna Nyberg S\u00f8rensen, Seniorforsker, Dansk Institut for Internationale Studier.<br \/>\nThomas Gammeltoft-Hansen, Forskningschef, Institut for Menneskerettigheder.<br \/>\nLouise Dalsgaard, Administrator, Venligboerne, K\u00f8benhavn.<br \/>\n<strong>Tirsdag d. 29. marts kl. 17-19: <em>En alternativ (politisk) \u00f8konomi styret af b\u00e6redygtighed, kvalitet og menneskelige behov <\/em><\/strong><br \/>\nOpl\u00e6g af:<br \/>\nInge R\u00f8pke, Professor, Aalborg Universitet\/Sydhavnen<br \/>\nJosephine Fock, MF, Alternativet<br \/>\nHenning Salling Olesen, Professor, RUC<br \/>\n<strong>Tirsdag d. 26. april (dato og opl\u00e6gsholdere endnu usikre): <em>Deltagerdemokrati<\/em><\/strong><\/p>\n<h3>Vi regner ogs\u00e5 med at forts\u00e6tte med 3-4 m\u00f8der i efter\u00e5ret.<\/h3>\n<p>Der er nok af temaer at tage fat p\u00e5, fx b\u00e6redygtighed og n\u00f8dvendigheden af en radikal omstilling, integration af flygtninge og indvandrere, velf\u00e6rdsstaten i globaliseringens tid; arbejdsmarkedets indretning \/ rummelighed p\u00e5 arbejdsmarkedet samt de voksende globale uligheder og deres konsekvenser.<br \/>\nVores ambition er at skabe et rum, hvor vi kan udfolde visioner og tage debatter. Udgangspunktet er ikke at bruge tid p\u00e5, at h\u00f8jrefl\u00f8jen har fejlet eller at vi p\u00e5 venstrefl\u00f8jen mangler noget. Det ved vi. Vi vil med denne r\u00e6kke debatter fors\u00f8ge at pejle os ind p\u00e5 nogle af svarene, s\u00e5 alle deltagere i egne cirkler og i f\u00e6llesskab kan bidrage til politikudviklingen p\u00e5 venstrefl\u00f8jen og levere skyts til partier, bev\u00e6gelser og andre akt\u00f8rer.<\/p>\n<p>Vi h\u00e5ber, at du vil komme til et eller flere arrangementer, og opfordrer dig til at dele denne invitation med dem, du kender, der har politisk lyst til at komme med! OMTANKE er et \u00e5bent debatforum.<br \/>\nM\u00f8derne vil foreg\u00e5 i Mellemfolkeligt Samvirkes store m\u00f8delokale \u2019M\u00f8deriet\u2019 p\u00e5 F\u00e6lledvej 12, K\u00f8benhavn N, 1.sal over g\u00e5rden.<br \/>\nHver gang vil der v\u00e6re flere opl\u00e6g og tid til debat. Vi har en ambition om at opsamle politiske temaer og essenser fra hvert m\u00f8de.<\/p>\n<h3>Tilmelding<\/h3>\n<p>Det er gratis at deltage, men tilmelding er n\u00f8dvendig. Vi har lavet en aftale med Str\u00f6, som driver MS\u2019s fremragende kantine Spiseriet, der efter hvert m\u00f8de vil tilbyde interesserede et m\u00e5ltid med hovedret og dessert for 100 kr (drikkevarer tilk\u00f8bes). Det vil v\u00e6re en god lejlighed til at snakke videre efter m\u00f8det. L\u00e6s om Str\u00f6 p\u00e5 http:\/\/stroecatering.dk.<br \/>\n<strong>Vil du v\u00e6re med?<\/strong><br \/>\nS\u00e5 tilmeld dig p\u00e5 vores emailadresse: info@forumforomtanke.dk. Skriv blot dit\/jeres navn(e). Det er n\u00f8dvendigt med tilmelding af hensyn til lokalets kapacitet. Om nogle dage \u00e5bner vi ogs\u00e5 for tilmelding via Facebook. Hvis du vil v\u00e6re sikker p\u00e5 at kunne deltage, skal du tilmelde dig hurtigt. Meld fra hvis du alligevel ikke kan komme. Du kan p.t. kun tilmelde dig det f\u00f8rste m\u00f8de d. 29. februar. Alle, der har modtaget denne invitation, vil senere blive inviteret til de to n\u00e6ste m\u00f8der, et ad gangen (med mindre de frabeder sig at h\u00f8re mere fra os).<br \/>\nHvis du gerne vil v\u00e6re med til spisning efter m\u00f8det, skal du inds\u00e6tte 100 kr. p\u00e5 Omtanke\u2019s bankkonto 0400-4021007604. Det kan ske enten ved en bankoverf\u00f8rsel eller med Mobile Pay til 50510800. G\u00f8r det gerne med det samme men senest d. 25. februar. Husk ogs\u00e5 her at skrive navn(e).<br \/>\nF\u00f8lg derudover med p\u00e5 vores Facebook-side her: https:\/\/www.facebook.com\/omtankedebat\/<\/p>\n<p><strong>Med solidariske hilsener<\/strong><br \/>\n<em> Initiativgruppen bag OMTANKE &#8211; r\u00f8d og gr\u00f8n debat:<\/em><br \/>\nJesper Jespersen (jesperj@ruc.dk) Gunvor Auken (gunvor@jubii.dk)<br \/>\nTrine Pertou Mach (tpma@ms.dk ) Henning Salling Olesen (hso@ruc.dk)<br \/>\nSteen Folke (steenf2@gmail.com) Mia Jo Otkj\u00e6r (miajootkjaer@gmail.com)<br \/>\nPeter Westermann (peterwestermann@gmail.com)<\/p>\n","protected":false},"excerpt":{"rendered":"<p>Jesper Jespersen, Februar 2016 K\u00e6re Venner Som I kan se af vores navne nedenfor er vi en gruppe der synes vi skal g\u00e5 sammen og danne et debatforum \u2019OMTANKE \u2013 r\u00f8d og gr\u00f8n debat\u2019. Vi h\u00e5ber du vil v\u00e6re med? Nyt debatforum \u2019OMTANKE \u2013 r\u00f8d og gr\u00f8n debat\u2019 Tiden sukker efter politiske og \u00f8vrige samfundsm\u00e6ssige &hellip; <a href=\"https:\/\/netoek.dk\/w\/?p=707\" class=\"more-link\">L\u00e6s videre <span class=\"screen-reader-text\">OMTANKE \u2013 r\u00f8d og gr\u00f8n debat<\/span> <span class=\"meta-nav\">&rarr;<\/span><\/a><\/p>\n","protected":false},"author":1,"featured_media":0,"comment_status":"open","ping_status":"closed","sticky":false,"template":"","format":"standard","meta":{"footnotes":""},"categories":[1],"tags":[],"class_list":["post-707","post","type-post","status-publish","format-standard","hentry","category-gen"],"_links":{"self":[{"href":"https:\/\/netoek.dk\/w\/index.php?rest_route=\/wp\/v2\/posts\/707","targetHints":{"allow":["GET"]}}],"collection":[{"href":"https:\/\/netoek.dk\/w\/index.php?rest_route=\/wp\/v2\/posts"}],"about":[{"href":"https:\/\/netoek.dk\/w\/index.php?rest_route=\/wp\/v2\/types\/post"}],"author":[{"embeddable":true,"href":"https:\/\/netoek.dk\/w\/index.php?rest_route=\/wp\/v2\/users\/1"}],"replies":[{"embeddable":true,"href":"https:\/\/netoek.dk\/w\/index.php?rest_route=%2Fwp%2Fv2%2Fcomments&post=707"}],"version-history":[{"count":7,"href":"https:\/\/netoek.dk\/w\/index.php?rest_route=\/wp\/v2\/posts\/707\/revisions"}],"predecessor-version":[{"id":714,"href":"https:\/\/netoek.dk\/w\/index.php?rest_route=\/wp\/v2\/posts\/707\/revisions\/714"}],"wp:attachment":[{"href":"https:\/\/netoek.dk\/w\/index.php?rest_route=%2Fwp%2Fv2%2Fmedia&parent=707"}],"wp:term":[{"taxonomy":"category","embeddable":true,"href":"https:\/\/netoek.dk\/w\/index.php?rest_route=%2Fwp%2Fv2%2Fcategories&post=707"},{"taxonomy":"post_tag","embeddable":true,"href":"https:\/\/netoek.dk\/w\/index.php?rest_route=%2Fwp%2Fv2%2Ftags&post=707"}],"curies":[{"name":"wp","href":"https:\/\/api.w.org\/{rel}","templated":true}]}}