{"id":331,"date":"2014-05-03T22:00:59","date_gmt":"2014-05-03T20:00:59","guid":{"rendered":"http:\/\/netoek.dk\/w\/?p=331"},"modified":"2016-09-05T16:13:17","modified_gmt":"2016-09-05T14:13:17","slug":"pluralistisk-debat-om-pluralisme-i-uddannelserne","status":"publish","type":"post","link":"https:\/\/netoek.dk\/w\/?p=331","title":{"rendered":"Net\u00f8k-seminar: Debat om l\u00e6reb\u00f8ger og pensum"},"content":{"rendered":"<h4><strong>Net\u00f8ks seminar den 2. maj\u00a0<\/strong><\/h4>\n<p>Professor <em>Peter Norman S\u00f8rensen<\/em>, \u00d8konomisk Institut p\u00e5 K\u00f8benhavns Universitet, beskrev undervisningen og l\u00e6reb\u00f8gerne i Mikro\u00f8konomi p\u00e5 polit-studiet, om de overvejelser der ligger bag fagstruktur og pensum, og om hvem der har indflydelse p\u00e5 studiets indhold.\u00a0<a href=\"https:\/\/netoek.dk\/w\/wp-content\/uploads\/2014\/05\/KUMikro.pdf\">Se slides som pdf.<\/a><\/p>\n<p><!--more--><\/p>\n<p>&#8220;Har finanskrise og recession sat spor i l\u00e6reb\u00f8gerne og undervisningen?&#8221;, spurgte lektor <em>Poul Th\u00f8is Madsen<\/em>, Aalborg Universitet &#8211; og svarede. <a href=\"https:\/\/netoek.dk\/w\/wp-content\/uploads\/2014\/05\/poul-th\u00f8is-2-maj.pdf\">Se slides som pdf.<\/a><\/p>\n<p><em>Mads Falkenfleth<\/em>, stud oecon. og formand for Det Samfunds\u00f8konomiske Selskab, fortalte om selskabets aktiviteter og om hvordan det opstod.<a href=\"https:\/\/netoek.dk\/w\/wp-content\/uploads\/2014\/05\/Mads-opl\u00e6g-ved-Net\u00d8K1.pdf\">\u00a0Se slides som pdf.<\/a><\/p>\n<p>\u00d8konom ved Cevea <em>Christian Gormsen<\/em> havde givet sit opl\u00e6g titlen: Drop den generelle ligev\u00e6gtsteori. Hovedargumentet var at den praktiske anvendelsesv\u00e6rdi st\u00e5r i sk\u00e6rende kontrast til den tid og de kr\u00e6fter som bruges p\u00e5 G L-teori p\u00e5 \u00f8konomi-studiet.\u00a0<a href=\"https:\/\/netoek.dk\/w\/wp-content\/uploads\/2014\/05\/drop-generel-ligev\u00e6gt-net\u00f8k.pdf\">Se slides som pdf.<\/a><\/p>\n<p>Professor <em>Jesper Jespersen<\/em>, RUC, delte \u00f8konomisk teori op i den deduktive, som fx n\u00e5r &#8220;idealistiske teorister&#8221; tager afs\u00e6t i p\u00e6ne aksiomer, og s\u00e5 den induktive, som tager afs\u00e6t i virkeligheden. Jesper gav eksempler fra <a title=\"Finansredeg\u00f8relse 2014 som pdf\" href=\"http:\/\/www.fm.dk\/publikationer\/2014\/finansredegoerelse-2014\/~\/media\/Publikationer\/Imported\/2014\/FR14\/finansredeg%C3%B8relse%202014_web.pdf\" target=\"_blank\">Finansredeg\u00f8relse 2014<\/a>.\u00a0<a href=\"https:\/\/netoek.dk\/w\/wp-content\/uploads\/2014\/05\/Teori-og-Virkelighed.pdf\">Se slides som pdf.<\/a><\/p>\n<p><a title=\"Arrangementer\" href=\"https:\/\/netoek.dk\/w\/?page_id=43\" target=\"_blank\">N\u00e6ste Net\u00f8k-seminar<\/a> afholdes den 26. september kl. 9-15 p\u00e5 Aalborg Universitet Kbh. S<\/p>\n<p>&nbsp;<\/p>\n","protected":false},"excerpt":{"rendered":"<p>Net\u00f8ks seminar den 2. maj\u00a0 Professor Peter Norman S\u00f8rensen, \u00d8konomisk Institut p\u00e5 K\u00f8benhavns Universitet, beskrev undervisningen og l\u00e6reb\u00f8gerne i Mikro\u00f8konomi p\u00e5 polit-studiet, om de overvejelser der ligger bag fagstruktur og pensum, og om hvem der har indflydelse p\u00e5 studiets indhold.\u00a0Se slides som pdf.<\/p>\n","protected":false},"author":3,"featured_media":0,"comment_status":"closed","ping_status":"closed","sticky":false,"template":"","format":"standard","meta":{"footnotes":""},"categories":[10,1],"tags":[],"class_list":["post-331","post","type-post","status-publish","format-standard","hentry","category-arr-gl","category-gen"],"_links":{"self":[{"href":"https:\/\/netoek.dk\/w\/index.php?rest_route=\/wp\/v2\/posts\/331","targetHints":{"allow":["GET"]}}],"collection":[{"href":"https:\/\/netoek.dk\/w\/index.php?rest_route=\/wp\/v2\/posts"}],"about":[{"href":"https:\/\/netoek.dk\/w\/index.php?rest_route=\/wp\/v2\/types\/post"}],"author":[{"embeddable":true,"href":"https:\/\/netoek.dk\/w\/index.php?rest_route=\/wp\/v2\/users\/3"}],"replies":[{"embeddable":true,"href":"https:\/\/netoek.dk\/w\/index.php?rest_route=%2Fwp%2Fv2%2Fcomments&post=331"}],"version-history":[{"count":7,"href":"https:\/\/netoek.dk\/w\/index.php?rest_route=\/wp\/v2\/posts\/331\/revisions"}],"predecessor-version":[{"id":905,"href":"https:\/\/netoek.dk\/w\/index.php?rest_route=\/wp\/v2\/posts\/331\/revisions\/905"}],"wp:attachment":[{"href":"https:\/\/netoek.dk\/w\/index.php?rest_route=%2Fwp%2Fv2%2Fmedia&parent=331"}],"wp:term":[{"taxonomy":"category","embeddable":true,"href":"https:\/\/netoek.dk\/w\/index.php?rest_route=%2Fwp%2Fv2%2Fcategories&post=331"},{"taxonomy":"post_tag","embeddable":true,"href":"https:\/\/netoek.dk\/w\/index.php?rest_route=%2Fwp%2Fv2%2Ftags&post=331"}],"curies":[{"name":"wp","href":"https:\/\/api.w.org\/{rel}","templated":true}]}}