{"id":1494,"date":"2023-04-23T14:28:10","date_gmt":"2023-04-23T12:28:10","guid":{"rendered":"https:\/\/netoek.dk\/w\/?p=1494"},"modified":"2023-08-30T12:42:39","modified_gmt":"2023-08-30T10:42:39","slug":"a-new-and-sustainable-fiscal-pact-for-the-eu","status":"publish","type":"post","link":"https:\/\/netoek.dk\/w\/?p=1494","title":{"rendered":"A New and Sustainable Fiscal Pact for the EU"},"content":{"rendered":"\n<p><strong><em>Friday June 2, 2023 12.00 &#8211; 16.00 <br>Meeting (in English) at Aalborg University, A.C. Meyers V\u00e6nge 15, 2450 Copenhagen SV, room 2.1.042<br>Arranged by Netv\u00e6rk for \u00d8konomisk Politisk Debat (NET\u00d8K)<\/em><\/strong><\/p>\n\n\n\n<p><strong>Speakers: <\/strong><em>Niels Fuglsang,<\/em> Danish Social Democrat and member of the Group of the Progressive Alliance of Socialists &amp; Democrats (S&amp;D) in the European Parliament. <em>Nikolaj<\/em> <em>Villumsen,<\/em> Danish member of the European Parliament, elected by the Red-Green Alliance (Enhedslisten) and member and vice chair of the Left Group in the European Parliament (GUE\/NGL).<br><em>Jens Ladefoged Mortensen,<\/em> Associate Professor in political science at Copenhagen University.<br><em>Sara Murawski,<\/em> Policy advisor and researcher in international trade and investment, finance and<br>European integration at Sustainable Finance Lab or<br><em>Herman Beun, <\/em>Associate at SFL, policy advisor and researcher in the field of EU policy and democracy.<\/p>\n\n\n\n<p><strong>Programme<\/strong> <br>(download pdf <a href=\"https:\/\/netoek.dk\/w\/wp-content\/uploads\/2023\/04\/Netoek-Meeting-on-A-new-and-Sustainable-Fiscal-Pact-for-EU.pdf\" target=\"_blank\" rel=\"noreferrer noopener\">Netoek Meeting on A new and Sustainable Fiscal Pact for EU<\/a> with more details) <br>12:00 \u2013 12:10: Welcome, <em>Karen Helveg Petersen<\/em>, Net\u00f8k<br>12:10 \u2013 12:40: The broader economic and political context of EU reform, <em>Jens Ladefoged<br>Mortensen<\/em><br>12:40 \u2013 13:10: View from The Left, <em>Nikolaj Villumsen<\/em><br>13:00 \u2013 13:40: Q&amp;A of the two first presentations<br>13:40 \u2013 14:00: Sandwich and coffee break<br>14:00 \u2013 14:30: Political and economic possibilities for change, <em>Niels Fuglsang<\/em><br>14:30 \u2013 15:00: The progress and movements to change the SGP, <em>Sara Murawski or Herman Beun<\/em><br>15:00 \u2013 15:20: Coffee break<br>15:20 \u2013 15:55: Q&amp;A and panel discussion<br>15:55 -16:00 Closing remarks <\/p>\n\n\n\n<div class=\"wp-block-file\"><\/div>\n\n\n\n<p><strong>Registration:<\/strong> <em>J\u00f8rgen Lindgaard Pedersen,<\/em> jlpe@dtu.dk, at the latest by May 29, 2023<br>Price: DKK 75 (covers lunch and refreshments, etc.)<br>Payment: Reg.nr.: 5366, Account.: 245829<\/p>\n","protected":false},"excerpt":{"rendered":"<p>Friday June 2, 2023 12.00 &#8211; 16.00 Meeting (in English) at Aalborg University, A.C. Meyers V\u00e6nge 15, 2450 Copenhagen SV, room 2.1.042Arranged by Netv\u00e6rk for \u00d8konomisk Politisk Debat (NET\u00d8K) Speakers: Niels Fuglsang, Danish Social Democrat and member of the Group of the Progressive Alliance of Socialists &amp; Democrats (S&amp;D) in the European Parliament. Nikolaj Villumsen, &hellip; <a href=\"https:\/\/netoek.dk\/w\/?p=1494\" class=\"more-link\">L\u00e6s videre <span class=\"screen-reader-text\">A New and Sustainable Fiscal Pact for the EU<\/span> <span class=\"meta-nav\">&rarr;<\/span><\/a><\/p>\n","protected":false},"author":1,"featured_media":0,"comment_status":"open","ping_status":"closed","sticky":false,"template":"","format":"standard","meta":{"footnotes":""},"categories":[10,3,5],"tags":[],"class_list":["post-1494","post","type-post","status-publish","format-standard","hentry","category-arr-gl","category-int","category-oko"],"_links":{"self":[{"href":"https:\/\/netoek.dk\/w\/index.php?rest_route=\/wp\/v2\/posts\/1494","targetHints":{"allow":["GET"]}}],"collection":[{"href":"https:\/\/netoek.dk\/w\/index.php?rest_route=\/wp\/v2\/posts"}],"about":[{"href":"https:\/\/netoek.dk\/w\/index.php?rest_route=\/wp\/v2\/types\/post"}],"author":[{"embeddable":true,"href":"https:\/\/netoek.dk\/w\/index.php?rest_route=\/wp\/v2\/users\/1"}],"replies":[{"embeddable":true,"href":"https:\/\/netoek.dk\/w\/index.php?rest_route=%2Fwp%2Fv2%2Fcomments&post=1494"}],"version-history":[{"count":3,"href":"https:\/\/netoek.dk\/w\/index.php?rest_route=\/wp\/v2\/posts\/1494\/revisions"}],"predecessor-version":[{"id":1498,"href":"https:\/\/netoek.dk\/w\/index.php?rest_route=\/wp\/v2\/posts\/1494\/revisions\/1498"}],"wp:attachment":[{"href":"https:\/\/netoek.dk\/w\/index.php?rest_route=%2Fwp%2Fv2%2Fmedia&parent=1494"}],"wp:term":[{"taxonomy":"category","embeddable":true,"href":"https:\/\/netoek.dk\/w\/index.php?rest_route=%2Fwp%2Fv2%2Fcategories&post=1494"},{"taxonomy":"post_tag","embeddable":true,"href":"https:\/\/netoek.dk\/w\/index.php?rest_route=%2Fwp%2Fv2%2Ftags&post=1494"}],"curies":[{"name":"wp","href":"https:\/\/api.w.org\/{rel}","templated":true}]}}