{"id":1394,"date":"2022-05-11T12:36:27","date_gmt":"2022-05-11T10:36:27","guid":{"rendered":"http:\/\/netoek.dk\/w\/?p=1394"},"modified":"2022-05-30T16:39:23","modified_gmt":"2022-05-30T14:39:23","slug":"debatmoede-24-maj-kl-13-16-aau-kbh-sv","status":"publish","type":"post","link":"https:\/\/netoek.dk\/w\/?p=1394","title":{"rendered":"Debatm\u00f8de 24. maj kl. 13-16, AAU, Kbh. SV"},"content":{"rendered":"\n<p>Med opl\u00e6g fra <em>Anette Borchorst <\/em>og<em> Henning J\u00f8rgensen<\/em><\/p>\n\n\n\n<p><strong>Er den danske aftalemodel ved at k\u00f8re fast p\u00e5 det offentlige arbejdsmarked?<\/strong><\/p>\n\n\n\n<p>Den danske aftalemodel har ikke form\u00e5et at g\u00f8re op med den ulige l\u00f8n, der har eksisteret n\u00e6sten u\u00e6ndret i et halvt og helt \u00e5rhundrede inden for pleje- og omsorgsarbejdet. <\/p>\n\n\n\n<p>Hvor l\u00e6nge skal ligel\u00f8nnen p\u00e5 det offentlige arbejdsmarked have vigepligt for aftalemodellens hensyn til de private virksomheders konkurrenceevne? <\/p>\n\n\n\n<p>Kan medarbejdergrupper inden for pleje- og omsorgsomr\u00e5derne f\u00e5 l\u00f8nl\u00f8ft og \u2019l\u00f8nfest\u2019, uden at det g\u00e5r ud over \u2019jobfesten\u2019 p\u00e5 det private omr\u00e5de?<\/p>\n\n\n\n<p><\/p>\n\n\n\n<p>Tid og sted: Tirsdag den 24. maj kl. 13-16, AALBORG UNIVERSITET K\u00d8BENHAVN, A. C. Meyers V\u00e6nge 15, 2450 K\u00f8benhavn SV, lokale 1.001, t\u00e6t ved kantinen.<\/p>\n\n\n\n<p>Arrangementet er gratis, men af hensyn til bestilling af kaffe, te m.v.skal der ske tilmelding til J\u00f8rgen Lindgaard Pedersen p\u00e5 jlpe@dtu.dk senest torsdag den 19. 5. kl. 19:00.<\/p>\n\n\n\n<p><br><\/p>\n","protected":false},"excerpt":{"rendered":"<p>Med opl\u00e6g fra Anette Borchorst og Henning J\u00f8rgensen Er den danske aftalemodel ved at k\u00f8re fast p\u00e5 det offentlige arbejdsmarked? Den danske aftalemodel har ikke form\u00e5et at g\u00f8re op med den ulige l\u00f8n, der har eksisteret n\u00e6sten u\u00e6ndret i et halvt og helt \u00e5rhundrede inden for pleje- og omsorgsarbejdet. Hvor l\u00e6nge skal ligel\u00f8nnen p\u00e5 det &hellip; <a href=\"https:\/\/netoek.dk\/w\/?p=1394\" class=\"more-link\">L\u00e6s videre <span class=\"screen-reader-text\">Debatm\u00f8de 24. maj kl. 13-16, AAU, Kbh. SV<\/span> <span class=\"meta-nav\">&rarr;<\/span><\/a><\/p>\n","protected":false},"author":1,"featured_media":0,"comment_status":"open","ping_status":"closed","sticky":false,"template":"","format":"standard","meta":{"footnotes":""},"categories":[10,1],"tags":[],"class_list":["post-1394","post","type-post","status-publish","format-standard","hentry","category-arr-gl","category-gen"],"_links":{"self":[{"href":"https:\/\/netoek.dk\/w\/index.php?rest_route=\/wp\/v2\/posts\/1394","targetHints":{"allow":["GET"]}}],"collection":[{"href":"https:\/\/netoek.dk\/w\/index.php?rest_route=\/wp\/v2\/posts"}],"about":[{"href":"https:\/\/netoek.dk\/w\/index.php?rest_route=\/wp\/v2\/types\/post"}],"author":[{"embeddable":true,"href":"https:\/\/netoek.dk\/w\/index.php?rest_route=\/wp\/v2\/users\/1"}],"replies":[{"embeddable":true,"href":"https:\/\/netoek.dk\/w\/index.php?rest_route=%2Fwp%2Fv2%2Fcomments&post=1394"}],"version-history":[{"count":3,"href":"https:\/\/netoek.dk\/w\/index.php?rest_route=\/wp\/v2\/posts\/1394\/revisions"}],"predecessor-version":[{"id":1398,"href":"https:\/\/netoek.dk\/w\/index.php?rest_route=\/wp\/v2\/posts\/1394\/revisions\/1398"}],"wp:attachment":[{"href":"https:\/\/netoek.dk\/w\/index.php?rest_route=%2Fwp%2Fv2%2Fmedia&parent=1394"}],"wp:term":[{"taxonomy":"category","embeddable":true,"href":"https:\/\/netoek.dk\/w\/index.php?rest_route=%2Fwp%2Fv2%2Fcategories&post=1394"},{"taxonomy":"post_tag","embeddable":true,"href":"https:\/\/netoek.dk\/w\/index.php?rest_route=%2Fwp%2Fv2%2Ftags&post=1394"}],"curies":[{"name":"wp","href":"https:\/\/api.w.org\/{rel}","templated":true}]}}