{"id":1262,"date":"2019-04-25T10:41:16","date_gmt":"2019-04-25T08:41:16","guid":{"rendered":"http:\/\/netoek.dk\/w\/?p=1262"},"modified":"2019-05-27T11:24:44","modified_gmt":"2019-05-27T09:24:44","slug":"10-aar-efter-krisen-hvor-staar-dansk-oekonomi","status":"publish","type":"post","link":"https:\/\/netoek.dk\/w\/?p=1262","title":{"rendered":"10 \u00e5r efter krisen: hvor st\u00e5r dansk \u00f8konomi?"},"content":{"rendered":"<p><strong>Fredag, den 24. maj 2019, kl. 13:00 \u2013 16:00<\/strong><\/p>\n<p><strong>Aalborg Universitet, Sydhavnen, A.C. Meyers V\u00e6nge 15, 2450 Kbh. SV., lokale 3.084<\/strong><\/p>\n<p>Program:<\/p>\n<p>Kl. 13.00-13.10 Karen Helveg-Petersen, ordstyrer: Velkommen og dagens program<\/p>\n<p>Kl. 13.10-13.50 Jon Nielsen, senioranalytiker, AE-r\u00e5det: \u2019Krisen tr\u00e6kker stadig skygger ind over det danske arbejdsmarked\u2019<\/p>\n<p>Kl. 13.50 &#8211; 14.30 Thomas Thygesen, chef\u00f8konom, SEB: \u2019Har den finansielle sektor taget ved l\u00e6re af krisen?\u2019<\/p>\n<p>Kaffe og kage<\/p>\n<p>14.45 &#8211; 15:20 Jesper Jespersen, professor (em), RUC: \u2019Hvordan st\u00e5r dansk \u00f8konomi rustet n\u00e6ste gang krisen rammer: \u00f8konomisk politisk beredskab?\u2019<\/p>\n<p>Kl. 15.20-16.00 Sp\u00f8rgsm\u00e5l til opl\u00e6gsholderne fra deltagerne<\/p>\n<p>Tilmelding: send mail til jesperj@ruc.dk senest 21. maj 2019<\/p>\n<p>Deltagergebyr: Medlemmer og studerende: gratis, ikke-medlemmer: kr. 50<\/p>\n<p>Indbetaling: Bank reg. nr.: 5366 Konto nr.: 245829<\/p>\n","protected":false},"excerpt":{"rendered":"<p>Fredag, den 24. maj 2019, kl. 13:00 \u2013 16:00 Aalborg Universitet, Sydhavnen, A.C. Meyers V\u00e6nge 15, 2450 Kbh. SV., lokale 3.084 Program: Kl. 13.00-13.10 Karen Helveg-Petersen, ordstyrer: Velkommen og dagens program Kl. 13.10-13.50 Jon Nielsen, senioranalytiker, AE-r\u00e5det: \u2019Krisen tr\u00e6kker stadig skygger ind over det danske arbejdsmarked\u2019 Kl. 13.50 &#8211; 14.30 Thomas Thygesen, chef\u00f8konom, SEB: \u2019Har &hellip; <a href=\"https:\/\/netoek.dk\/w\/?p=1262\" class=\"more-link\">L\u00e6s videre <span class=\"screen-reader-text\">10 \u00e5r efter krisen: hvor st\u00e5r dansk \u00f8konomi?<\/span> <span class=\"meta-nav\">&rarr;<\/span><\/a><\/p>\n","protected":false},"author":1,"featured_media":0,"comment_status":"open","ping_status":"closed","sticky":false,"template":"","format":"standard","meta":{"footnotes":""},"categories":[10],"tags":[],"class_list":["post-1262","post","type-post","status-publish","format-standard","hentry","category-arr-gl"],"_links":{"self":[{"href":"https:\/\/netoek.dk\/w\/index.php?rest_route=\/wp\/v2\/posts\/1262","targetHints":{"allow":["GET"]}}],"collection":[{"href":"https:\/\/netoek.dk\/w\/index.php?rest_route=\/wp\/v2\/posts"}],"about":[{"href":"https:\/\/netoek.dk\/w\/index.php?rest_route=\/wp\/v2\/types\/post"}],"author":[{"embeddable":true,"href":"https:\/\/netoek.dk\/w\/index.php?rest_route=\/wp\/v2\/users\/1"}],"replies":[{"embeddable":true,"href":"https:\/\/netoek.dk\/w\/index.php?rest_route=%2Fwp%2Fv2%2Fcomments&post=1262"}],"version-history":[{"count":3,"href":"https:\/\/netoek.dk\/w\/index.php?rest_route=\/wp\/v2\/posts\/1262\/revisions"}],"predecessor-version":[{"id":1265,"href":"https:\/\/netoek.dk\/w\/index.php?rest_route=\/wp\/v2\/posts\/1262\/revisions\/1265"}],"wp:attachment":[{"href":"https:\/\/netoek.dk\/w\/index.php?rest_route=%2Fwp%2Fv2%2Fmedia&parent=1262"}],"wp:term":[{"taxonomy":"category","embeddable":true,"href":"https:\/\/netoek.dk\/w\/index.php?rest_route=%2Fwp%2Fv2%2Fcategories&post=1262"},{"taxonomy":"post_tag","embeddable":true,"href":"https:\/\/netoek.dk\/w\/index.php?rest_route=%2Fwp%2Fv2%2Ftags&post=1262"}],"curies":[{"name":"wp","href":"https:\/\/api.w.org\/{rel}","templated":true}]}}