{"id":1112,"date":"2017-09-28T14:22:39","date_gmt":"2017-09-28T12:22:39","guid":{"rendered":"http:\/\/netoek.dk\/w\/?p=1112"},"modified":"2017-09-28T14:46:22","modified_gmt":"2017-09-28T12:46:22","slug":"eus-oekonomiske-og-politiske-krise","status":"publish","type":"post","link":"https:\/\/netoek.dk\/w\/?p=1112","title":{"rendered":"EU&#8217;s \u00f8konomiske og politiske krise"},"content":{"rendered":"<p><strong>Slides fra seminaret den 22. september 2017<\/strong><\/p>\n<p>Slides fra seminarets fem opl\u00e6g er her:<\/p>\n<p><a href=\"https:\/\/netoek.dk\/w\/wp-content\/uploads\/2017\/09\/Christen-S.pdf\" target=\"_blank\" rel=\"noopener noreferrer\">\u00d8konomiske problemer i EU og is\u00e6r i den \u00d8konomiske og Monet\u00e6re Union (Euroen), Christen S\u00f8rensen, tidligere overvismand, professor emeritus ved SDU<\/a><\/p>\n<p><a href=\"https:\/\/netoek.dk\/w\/wp-content\/uploads\/2017\/09\/Jens-Peter-B-.pdf\" target=\"_blank\" rel=\"noopener noreferrer\">Politiske problemer i EU, Jens-Peter Bonde, tidligere medlem af Europa-Parlamentet<\/a><\/p>\n<p><a href=\"https:\/\/netoek.dk\/w\/wp-content\/uploads\/2017\/09\/Steen-J.pdf\" target=\"_blank\" rel=\"noopener noreferrer\">Stagnerende erhvervsinvesteringer i EU og Danmark siden 2007\/08, Steen Jakobsen, chef\u00f8konom i Saxo Bank<\/a><\/p>\n<p><a href=\"https:\/\/netoek.dk\/w\/wp-content\/uploads\/2017\/09\/Jacob-G.pdf\" target=\"_blank\" rel=\"noopener noreferrer\">Euroens fremtid \u2013 sammenbrud, to forskellige eurozoner, business as usual? Jacob Graven, chef\u00f8konom i Sydbank<\/a><\/p>\n<p><a href=\"https:\/\/netoek.dk\/w\/wp-content\/uploads\/2017\/09\/Jesper-J.pdf\" target=\"_blank\" rel=\"noopener noreferrer\">Euroens fremtid \u2013 sammenbrud, to forskellige eurozoner, business as usual? Jesper Jespersen, professor ved Roskilde Universitet<\/a><\/p>\n<p>&nbsp;<\/p>\n","protected":false},"excerpt":{"rendered":"<p>Slides fra seminaret den 22. september 2017 Slides fra seminarets fem opl\u00e6g er her: \u00d8konomiske problemer i EU og is\u00e6r i den \u00d8konomiske og Monet\u00e6re Union (Euroen), Christen S\u00f8rensen, tidligere overvismand, professor emeritus ved SDU Politiske problemer i EU, Jens-Peter Bonde, tidligere medlem af Europa-Parlamentet Stagnerende erhvervsinvesteringer i EU og Danmark siden 2007\/08, Steen Jakobsen, &hellip; <a href=\"https:\/\/netoek.dk\/w\/?p=1112\" class=\"more-link\">L\u00e6s videre <span class=\"screen-reader-text\">EU&#8217;s \u00f8konomiske og politiske krise<\/span> <span class=\"meta-nav\">&rarr;<\/span><\/a><\/p>\n","protected":false},"author":1,"featured_media":0,"comment_status":"open","ping_status":"closed","sticky":false,"template":"","format":"standard","meta":{"footnotes":""},"categories":[10,1],"tags":[],"class_list":["post-1112","post","type-post","status-publish","format-standard","hentry","category-arr-gl","category-gen"],"_links":{"self":[{"href":"https:\/\/netoek.dk\/w\/index.php?rest_route=\/wp\/v2\/posts\/1112","targetHints":{"allow":["GET"]}}],"collection":[{"href":"https:\/\/netoek.dk\/w\/index.php?rest_route=\/wp\/v2\/posts"}],"about":[{"href":"https:\/\/netoek.dk\/w\/index.php?rest_route=\/wp\/v2\/types\/post"}],"author":[{"embeddable":true,"href":"https:\/\/netoek.dk\/w\/index.php?rest_route=\/wp\/v2\/users\/1"}],"replies":[{"embeddable":true,"href":"https:\/\/netoek.dk\/w\/index.php?rest_route=%2Fwp%2Fv2%2Fcomments&post=1112"}],"version-history":[{"count":4,"href":"https:\/\/netoek.dk\/w\/index.php?rest_route=\/wp\/v2\/posts\/1112\/revisions"}],"predecessor-version":[{"id":1121,"href":"https:\/\/netoek.dk\/w\/index.php?rest_route=\/wp\/v2\/posts\/1112\/revisions\/1121"}],"wp:attachment":[{"href":"https:\/\/netoek.dk\/w\/index.php?rest_route=%2Fwp%2Fv2%2Fmedia&parent=1112"}],"wp:term":[{"taxonomy":"category","embeddable":true,"href":"https:\/\/netoek.dk\/w\/index.php?rest_route=%2Fwp%2Fv2%2Fcategories&post=1112"},{"taxonomy":"post_tag","embeddable":true,"href":"https:\/\/netoek.dk\/w\/index.php?rest_route=%2Fwp%2Fv2%2Ftags&post=1112"}],"curies":[{"name":"wp","href":"https:\/\/api.w.org\/{rel}","templated":true}]}}