{"id":1102,"date":"2017-09-08T16:57:27","date_gmt":"2017-09-08T14:57:27","guid":{"rendered":"http:\/\/netoek.dk\/w\/?p=1102"},"modified":"2017-09-21T18:41:16","modified_gmt":"2017-09-21T16:41:16","slug":"seminar-har-eu-de-rigtige-vaern-mod-en-ny-finanskrise","status":"publish","type":"post","link":"https:\/\/netoek.dk\/w\/?p=1102","title":{"rendered":"Seminar: Har EU de rigtige v\u00e6rn mod en ny finanskrise?"},"content":{"rendered":"<p>Seminar d. 19. september 2017 kl. 15-17.30 p\u00e5 DIIS, Gl. Kalkbr\u00e6nderi Vej 51A, 2100 K\u00f8benhavn \u00d8<\/p>\n<p>Opl\u00e6gsholdere og\/eller paneldeltagere: Nicolas Veron, Senior Fellow, Bruegel; Per Callesen, direkt\u00f8r, Danmarks Nationalbank; Jeppe Kofod, MEP, Socialdemokratiet; Jakob Vestergaard, Senior Researcher, DIIS; Kristian Weise, direkt\u00f8r, Cevea<br \/>\n<a href=\"https:\/\/www.diis.dk\/node\/7509\" target=\"_blank\" rel=\"noopener noreferrer\">Program og tilmelding her<\/a><\/p>\n<p><em>Arrang\u00f8r: DIIS, AAU og Cevea<\/em><\/p>\n<p>&nbsp;<\/p>\n","protected":false},"excerpt":{"rendered":"<p>Seminar d. 19. september 2017 kl. 15-17.30 p\u00e5 DIIS, Gl. Kalkbr\u00e6nderi Vej 51A, 2100 K\u00f8benhavn \u00d8 Opl\u00e6gsholdere og\/eller paneldeltagere: Nicolas Veron, Senior Fellow, Bruegel; Per Callesen, direkt\u00f8r, Danmarks Nationalbank; Jeppe Kofod, MEP, Socialdemokratiet; Jakob Vestergaard, Senior Researcher, DIIS; Kristian Weise, direkt\u00f8r, Cevea Program og tilmelding her Arrang\u00f8r: DIIS, AAU og Cevea &nbsp;<\/p>\n","protected":false},"author":1,"featured_media":0,"comment_status":"open","ping_status":"closed","sticky":false,"template":"","format":"standard","meta":{"footnotes":""},"categories":[10,3],"tags":[],"class_list":["post-1102","post","type-post","status-publish","format-standard","hentry","category-arr-gl","category-int"],"_links":{"self":[{"href":"https:\/\/netoek.dk\/w\/index.php?rest_route=\/wp\/v2\/posts\/1102","targetHints":{"allow":["GET"]}}],"collection":[{"href":"https:\/\/netoek.dk\/w\/index.php?rest_route=\/wp\/v2\/posts"}],"about":[{"href":"https:\/\/netoek.dk\/w\/index.php?rest_route=\/wp\/v2\/types\/post"}],"author":[{"embeddable":true,"href":"https:\/\/netoek.dk\/w\/index.php?rest_route=\/wp\/v2\/users\/1"}],"replies":[{"embeddable":true,"href":"https:\/\/netoek.dk\/w\/index.php?rest_route=%2Fwp%2Fv2%2Fcomments&post=1102"}],"version-history":[{"count":2,"href":"https:\/\/netoek.dk\/w\/index.php?rest_route=\/wp\/v2\/posts\/1102\/revisions"}],"predecessor-version":[{"id":1104,"href":"https:\/\/netoek.dk\/w\/index.php?rest_route=\/wp\/v2\/posts\/1102\/revisions\/1104"}],"wp:attachment":[{"href":"https:\/\/netoek.dk\/w\/index.php?rest_route=%2Fwp%2Fv2%2Fmedia&parent=1102"}],"wp:term":[{"taxonomy":"category","embeddable":true,"href":"https:\/\/netoek.dk\/w\/index.php?rest_route=%2Fwp%2Fv2%2Fcategories&post=1102"},{"taxonomy":"post_tag","embeddable":true,"href":"https:\/\/netoek.dk\/w\/index.php?rest_route=%2Fwp%2Fv2%2Ftags&post=1102"}],"curies":[{"name":"wp","href":"https:\/\/api.w.org\/{rel}","templated":true}]}}