{"id":1082,"date":"2017-06-27T10:03:12","date_gmt":"2017-06-27T08:03:12","guid":{"rendered":"http:\/\/netoek.dk\/w\/?p=1082"},"modified":"2017-09-28T15:07:23","modified_gmt":"2017-09-28T13:07:23","slug":"seminar-eus-oekonomiske-og-politiske-kriser-aarsager-og-udveje","status":"publish","type":"post","link":"https:\/\/netoek.dk\/w\/?p=1082","title":{"rendered":"Seminar: EU&#8217;s \u00f8konomiske og politiske kriser &#8211; \u00e5rsager og udveje"},"content":{"rendered":"<p>Fredag den 22. september 2017, kl. 09:00 \u2013 15:30 er der debat-seminar om EU&#8217;s aktuelle problemer.<\/p>\n<p>Dagen vil bl.a. byde p\u00e5 opl\u00e6g fra Christen S\u00f8rensen, Jens-Peter Bonde,\u00a0Steen Jakobsen, Jacob Graven og Jesper Jespersen. Slides fra de fem opl\u00e6g kan hentes <a href=\"https:\/\/netoek.dk\/w\/?p=1112\" target=\"_blank\" rel=\"noopener noreferrer\">her. <\/a><\/p>\n<p><a href=\"https:\/\/netoek.dk\/w\/wp-content\/uploads\/2017\/08\/NET\u00d8K-SEMINAR-SEPTEMBER-2017-EU.pdf\">N\u00e6rmere om programmet og tilmelding her.<\/a><\/p>\n<p>Kronik i Jyllandsposten den 22\/9-2017 til inspiration fra Jesper Jespersen &#8220;<a href=\"https:\/\/netoek.dk\/w\/wp-content\/uploads\/2017\/09\/Netoek-JJ-Tyskland-2017.pdf\" target=\"_blank\" rel=\"noopener noreferrer\">Tysk politik kan blive et &#8216;farvel til Europa&#8217;<\/a>&#8220;.<\/p>\n<p>Seminaret arrangeres af Netv\u00e6rk for \u00f8konomisk politisk debat (Net\u00f8k) og finder sted p\u00e5 Professionsh\u00f8jskolen Metropol, Tagensvej 18, 2200 Kbh N (lokalenummeret\u00a0oplyses p\u00e5\u00a0infosk\u00e6rmen i receptionen og opgangen).<\/p>\n<p>I forl\u00e6ngelse af\u00a0seminaret afholdes kl. 15.30 Net\u00f8ks ordin\u00e6re generalforsamling.<\/p>\n","protected":false},"excerpt":{"rendered":"<p>Fredag den 22. september 2017, kl. 09:00 \u2013 15:30 er der debat-seminar om EU&#8217;s aktuelle problemer. Dagen vil bl.a. byde p\u00e5 opl\u00e6g fra Christen S\u00f8rensen, Jens-Peter Bonde,\u00a0Steen Jakobsen, Jacob Graven og Jesper Jespersen. Slides fra de fem opl\u00e6g kan hentes her. N\u00e6rmere om programmet og tilmelding her. Kronik i Jyllandsposten den 22\/9-2017 til inspiration fra &hellip; <a href=\"https:\/\/netoek.dk\/w\/?p=1082\" class=\"more-link\">L\u00e6s videre <span class=\"screen-reader-text\">Seminar: EU&#8217;s \u00f8konomiske og politiske kriser &#8211; \u00e5rsager og udveje<\/span> <span class=\"meta-nav\">&rarr;<\/span><\/a><\/p>\n","protected":false},"author":1,"featured_media":0,"comment_status":"open","ping_status":"closed","sticky":false,"template":"","format":"standard","meta":{"footnotes":""},"categories":[10,12,3],"tags":[],"class_list":["post-1082","post","type-post","status-publish","format-standard","hentry","category-arr-gl","category-generalforsamling","category-int"],"_links":{"self":[{"href":"https:\/\/netoek.dk\/w\/index.php?rest_route=\/wp\/v2\/posts\/1082","targetHints":{"allow":["GET"]}}],"collection":[{"href":"https:\/\/netoek.dk\/w\/index.php?rest_route=\/wp\/v2\/posts"}],"about":[{"href":"https:\/\/netoek.dk\/w\/index.php?rest_route=\/wp\/v2\/types\/post"}],"author":[{"embeddable":true,"href":"https:\/\/netoek.dk\/w\/index.php?rest_route=\/wp\/v2\/users\/1"}],"replies":[{"embeddable":true,"href":"https:\/\/netoek.dk\/w\/index.php?rest_route=%2Fwp%2Fv2%2Fcomments&post=1082"}],"version-history":[{"count":8,"href":"https:\/\/netoek.dk\/w\/index.php?rest_route=\/wp\/v2\/posts\/1082\/revisions"}],"predecessor-version":[{"id":1122,"href":"https:\/\/netoek.dk\/w\/index.php?rest_route=\/wp\/v2\/posts\/1082\/revisions\/1122"}],"wp:attachment":[{"href":"https:\/\/netoek.dk\/w\/index.php?rest_route=%2Fwp%2Fv2%2Fmedia&parent=1082"}],"wp:term":[{"taxonomy":"category","embeddable":true,"href":"https:\/\/netoek.dk\/w\/index.php?rest_route=%2Fwp%2Fv2%2Fcategories&post=1082"},{"taxonomy":"post_tag","embeddable":true,"href":"https:\/\/netoek.dk\/w\/index.php?rest_route=%2Fwp%2Fv2%2Ftags&post=1082"}],"curies":[{"name":"wp","href":"https:\/\/api.w.org\/{rel}","templated":true}]}}