{"id":1080,"date":"2017-06-27T09:48:30","date_gmt":"2017-06-27T07:48:30","guid":{"rendered":"http:\/\/netoek.dk\/w\/?p=1080"},"modified":"2017-09-27T15:37:50","modified_gmt":"2017-09-27T13:37:50","slug":"generalforsamling","status":"publish","type":"post","link":"https:\/\/netoek.dk\/w\/?p=1080","title":{"rendered":"Generalforsamling"},"content":{"rendered":"<p>Ordin\u00e6r generalforsamling afholdes fredag den 22.9. 2017 kl. 15.30 p\u00e5 Tagensvej 18 i forl\u00e6ngelse\u00a0af seminaret &#8220;EU&#8217;s \u00f8konomiske og politiske kriser &#8211; \u00e5rsager og udveje&#8221;.<\/p>\n<p><a href=\"https:\/\/netoek.dk\/w\/wp-content\/uploads\/2017\/09\/Dagsorden-for-6.-generalforsamling-22.-9.-2017.pdf\">Dagsorden for 6. generalforsamling 22. 9. 2017<\/a><\/p>\n<p><a href=\"https:\/\/netoek.dk\/w\/wp-content\/uploads\/2017\/09\/Beretning-til-6-generalforsamling-2017.pdf\">Beretning til 6 generalforsamling 2017<\/a><\/p>\n","protected":false},"excerpt":{"rendered":"<p>Ordin\u00e6r generalforsamling afholdes fredag den 22.9. 2017 kl. 15.30 p\u00e5 Tagensvej 18 i forl\u00e6ngelse\u00a0af seminaret &#8220;EU&#8217;s \u00f8konomiske og politiske kriser &#8211; \u00e5rsager og udveje&#8221;. Dagsorden for 6. generalforsamling 22. 9. 2017 Beretning til 6 generalforsamling 2017<\/p>\n","protected":false},"author":1,"featured_media":0,"comment_status":"open","ping_status":"closed","sticky":false,"template":"","format":"standard","meta":{"footnotes":""},"categories":[10,12,1],"tags":[],"class_list":["post-1080","post","type-post","status-publish","format-standard","hentry","category-arr-gl","category-generalforsamling","category-gen"],"_links":{"self":[{"href":"https:\/\/netoek.dk\/w\/index.php?rest_route=\/wp\/v2\/posts\/1080","targetHints":{"allow":["GET"]}}],"collection":[{"href":"https:\/\/netoek.dk\/w\/index.php?rest_route=\/wp\/v2\/posts"}],"about":[{"href":"https:\/\/netoek.dk\/w\/index.php?rest_route=\/wp\/v2\/types\/post"}],"author":[{"embeddable":true,"href":"https:\/\/netoek.dk\/w\/index.php?rest_route=\/wp\/v2\/users\/1"}],"replies":[{"embeddable":true,"href":"https:\/\/netoek.dk\/w\/index.php?rest_route=%2Fwp%2Fv2%2Fcomments&post=1080"}],"version-history":[{"count":4,"href":"https:\/\/netoek.dk\/w\/index.php?rest_route=\/wp\/v2\/posts\/1080\/revisions"}],"predecessor-version":[{"id":1099,"href":"https:\/\/netoek.dk\/w\/index.php?rest_route=\/wp\/v2\/posts\/1080\/revisions\/1099"}],"wp:attachment":[{"href":"https:\/\/netoek.dk\/w\/index.php?rest_route=%2Fwp%2Fv2%2Fmedia&parent=1080"}],"wp:term":[{"taxonomy":"category","embeddable":true,"href":"https:\/\/netoek.dk\/w\/index.php?rest_route=%2Fwp%2Fv2%2Fcategories&post=1080"},{"taxonomy":"post_tag","embeddable":true,"href":"https:\/\/netoek.dk\/w\/index.php?rest_route=%2Fwp%2Fv2%2Ftags&post=1080"}],"curies":[{"name":"wp","href":"https:\/\/api.w.org\/{rel}","templated":true}]}}